{"id":1136,"date":"2015-10-18T23:52:05","date_gmt":"2015-10-18T22:52:05","guid":{"rendered":"http:\/\/sound-of-joy.com\/?p=1136"},"modified":"2015-10-22T14:11:53","modified_gmt":"2015-10-22T13:11:53","slug":"konzertsaison-2015-geht-mit-konzert-in-castell-zu-ende","status":"publish","type":"post","link":"https:\/\/sound-of-joy.com\/?p=1136","title":{"rendered":"Konzertsaison 2015 geht mit Konzert in Castell zu Ende"},"content":{"rendered":"<p>Stimmungsvoller h\u00e4tten die diesj\u00e4hrigen Casteller Musiktage nicht ausklingen k\u00f6nnen. Zum Abschluss der kleinen Konzertreihe in dem unterfr\u00e4nkischen Wein\u00f6rtchen lud KMD Reiner Gaar vom evangelisch-lutherischen Dekanat Castell den Gospelchor <em>Sound of Joy <\/em>am Sonntag, den 18.10.2015 ein. \u201eIch versuche immer, Qualit\u00e4t zu bieten\u201c, begr\u00fc\u00dfte er die G\u00e4ste in der Johanniskirche.<\/p>\n<p><a href=\"http:\/\/sound-of-joy.com\/wordpress\/wp-content\/uploads\/SOJ_Castell_2015-1.jpg\"><img loading=\"lazy\" decoding=\"async\" class=\"alignnone wp-image-1138 size-medium\" src=\"http:\/\/sound-of-joy.com\/wordpress\/wp-content\/uploads\/SOJ_Castell_2015-1-300x185.jpg\" alt=\"SOJ_Castell_2015 (1)\" width=\"300\" height=\"185\" srcset=\"https:\/\/sound-of-joy.com\/wordpress\/wp-content\/uploads\/SOJ_Castell_2015-1-300x185.jpg 300w, https:\/\/sound-of-joy.com\/wordpress\/wp-content\/uploads\/SOJ_Castell_2015-1.jpg 1000w\" sizes=\"auto, (max-width: 300px) 100vw, 300px\" \/><\/a><a href=\"http:\/\/sound-of-joy.com\/wordpress\/wp-content\/uploads\/SOJ_Castell_2015-2.jpg\"><img loading=\"lazy\" decoding=\"async\" class=\"alignnone wp-image-1139\" src=\"http:\/\/sound-of-joy.com\/wordpress\/wp-content\/uploads\/SOJ_Castell_2015-2-300x197.jpg\" alt=\"SOJ_Castell_2015 (2)\" width=\"282\" height=\"185\" srcset=\"https:\/\/sound-of-joy.com\/wordpress\/wp-content\/uploads\/SOJ_Castell_2015-2-300x197.jpg 300w, https:\/\/sound-of-joy.com\/wordpress\/wp-content\/uploads\/SOJ_Castell_2015-2.jpg 1000w\" sizes=\"auto, (max-width: 282px) 100vw, 282px\" \/><\/a><\/p>\n<p>Der Versuch ist gelungen: Mit den beiden beschwingten Liedern \u201eIn This House\u201c und \u201ePraise His Holy Name\u201c stimmten KMD Karl Schmidt und sein Ensemble das Publikum auf ein gro\u00dfartiges Konzert ein. Die Bl\u00e4ser sorgten f\u00fcr launige Abwechslung mit rhythmischen St\u00fccken wie \u201eSwing Low, Sweet Chariot\u201c oder \u201eWeaver&#8217;s Walk\u201c. Die G\u00e4ste durften nicht nur lauschen: So animierte sie Karl Schmidt bei \u201eSay it loud\u201c zum Mitsingen, was sich mit dem Chor zu einem harmonischen Ganzen f\u00fcgte.<\/p>\n<p>Ein Raunen ging besonders bei den anspruchsvolleren A-Capella-St\u00fccken \u201eDaniel\u201c, \u201eI can tell the World\u201c und \u201eListen to the Lambs\u201c durch die Kirche. Diese Lieder entlockten so manchem Gast auch Bravo-Rufe und den Wunsch nach mehr. Denn nach dem\u00a0Auftritt forderten die Zuschauer mit Standing Ovations von Dirigent, Chor, Band und Bl\u00e4sern eine Zugabe und wurden sogar dreifach belohnt \u2013 mit \u201ePut Your Hands in The Hand\u201c, \u201eThis Little Light of Mine\u201c und \u201eThe lords bless you and keeps you\u201c. So stimmungsvoll das Konzert begann, so stimmungsvoll endete es.<\/p>\n","protected":false},"excerpt":{"rendered":"<p>Stimmungsvoller h\u00e4tten die diesj\u00e4hrigen Casteller Musiktage nicht ausklingen k\u00f6nnen. Zum Abschluss der kleinen Konzertreihe in dem unterfr\u00e4nkischen Wein\u00f6rtchen lud KMD Reiner Gaar vom evangelisch-lutherischen Dekanat Castell den Gospelchor Sound of Joy am Sonntag, den 18.10.2015 ein. \u201eIch versuche immer, Qualit\u00e4t zu bieten\u201c, begr\u00fc\u00dfte er die G\u00e4ste in der Johanniskirche. Der Versuch ist gelungen: Mit den &hellip; <\/p>\n<p><a class=\"more-link btn\" href=\"https:\/\/sound-of-joy.com\/?p=1136\">Weiterlesen<\/a><\/p>\n","protected":false},"author":5,"featured_media":0,"comment_status":"closed","ping_status":"open","sticky":false,"template":"","format":"standard","meta":{"ngg_post_thumbnail":0,"footnotes":""},"categories":[3,6],"tags":[],"class_list":["post-1136","post","type-post","status-publish","format-standard","hentry","category-konzerte","category-presse","item-wrap"],"_links":{"self":[{"href":"https:\/\/sound-of-joy.com\/index.php?rest_route=\/wp\/v2\/posts\/1136","targetHints":{"allow":["GET"]}}],"collection":[{"href":"https:\/\/sound-of-joy.com\/index.php?rest_route=\/wp\/v2\/posts"}],"about":[{"href":"https:\/\/sound-of-joy.com\/index.php?rest_route=\/wp\/v2\/types\/post"}],"author":[{"embeddable":true,"href":"https:\/\/sound-of-joy.com\/index.php?rest_route=\/wp\/v2\/users\/5"}],"replies":[{"embeddable":true,"href":"https:\/\/sound-of-joy.com\/index.php?rest_route=%2Fwp%2Fv2%2Fcomments&post=1136"}],"version-history":[{"count":4,"href":"https:\/\/sound-of-joy.com\/index.php?rest_route=\/wp\/v2\/posts\/1136\/revisions"}],"predecessor-version":[{"id":1142,"href":"https:\/\/sound-of-joy.com\/index.php?rest_route=\/wp\/v2\/posts\/1136\/revisions\/1142"}],"wp:attachment":[{"href":"https:\/\/sound-of-joy.com\/index.php?rest_route=%2Fwp%2Fv2%2Fmedia&parent=1136"}],"wp:term":[{"taxonomy":"category","embeddable":true,"href":"https:\/\/sound-of-joy.com\/index.php?rest_route=%2Fwp%2Fv2%2Fcategories&post=1136"},{"taxonomy":"post_tag","embeddable":true,"href":"https:\/\/sound-of-joy.com\/index.php?rest_route=%2Fwp%2Fv2%2Ftags&post=1136"}],"curies":[{"name":"wp","href":"https:\/\/api.w.org\/{rel}","templated":true}]}}